{"id":170,"date":"2024-05-14T23:06:44","date_gmt":"2024-05-14T21:06:44","guid":{"rendered":"https:\/\/www.alexpiehl.de\/wordpress\/?p=170"},"modified":"2024-05-14T23:06:44","modified_gmt":"2024-05-14T21:06:44","slug":"latein-deklination","status":"publish","type":"post","link":"https:\/\/www.alexpiehl.de\/wordpress\/2024\/05\/14\/latein-deklination\/","title":{"rendered":"Latein Deklination"},"content":{"rendered":"\n<p><strong>A-Konjugation <\/strong><em>(Beugung von Verben)<\/em><\/p>\n\n\n\n<p><em>laud \u2013 a \u2013 re (loben)<\/em><\/p>\n\n\n\n<p>singular plural<\/p>\n\n\n\n<ol class=\"wp-block-list\">\n<li>Person laud \u2013 o (ich) laud \u2013 a \u2013 mus (wir)<\/li>\n\n\n\n<li>Person laud \u2013 a \u2013 s (du) laud \u2013 a \u2013 tis (ihr)<\/li>\n\n\n\n<li>Person laud \u2013 a \u2013 t (er\/sie\/es) laud \u2013 a \u2013 nt (sie)<\/li>\n<\/ol>\n\n\n\n<p><strong>e \u2013 Konjugation<\/strong><\/p>\n\n\n\n<p><em>mon \u2013 e \u2013 re (mahnen)<\/em><\/p>\n\n\n\n<p>singular plural<\/p>\n\n\n\n<ol class=\"wp-block-list\">\n<li>Person mon \u2013 e- o (ich) mon \u2013 e \u2013 mus (wir)<\/li>\n\n\n\n<li>Person mon \u2013 e \u2013 s (du) mon \u2013 e \u2013 tis (ihr)<\/li>\n\n\n\n<li>Person mon \u2013 e \u2013 t (er\/sie\/es) mon \u2013 e \u2013 nt (sie)<\/li>\n<\/ol>\n\n\n\n<p><strong>i \u2013 Konjugation<\/strong><\/p>\n\n\n\n<p><em>aud \u2013 i &#8211; re (h\u00f6ren)<\/em><\/p>\n\n\n\n<p>singular plural<\/p>\n\n\n\n<ol class=\"wp-block-list\">\n<li>Person aud \u2013 i \u2013 o (ich) aud \u2013 i \u2013 mus (wir)<\/li>\n\n\n\n<li>Person aud \u2013 i \u2013 s (du) aud \u2013 i \u2013 tis (ihr)<\/li>\n\n\n\n<li>Person aud \u2013 i \u2013 t (er\/sie\/es) aud \u2013 i \u2013 unt (sie)<\/li>\n<\/ol>\n\n\n\n<p><strong>Konsonantische Konjugation <\/strong><em>(Mitlaute)<\/em><\/p>\n\n\n\n<p><em>reg \u2013 e \u2013 re (lenken\/leiten)<\/em><\/p>\n\n\n\n<p>singular plural<\/p>\n\n\n\n<ol class=\"wp-block-list\">\n<li>Person reg \u2013 o (ich) reg \u2013 imus (wir)<\/li>\n\n\n\n<li>Person reg \u2013 is (du) reg \u2013 itis (ihr)<\/li>\n\n\n\n<li>Person reg \u2013 it (er\/sie\/es) reg \u2013 unt (sie)<\/li>\n<\/ol>\n\n\n\n<p><strong>Imperativ <\/strong><em>(Befehle)<\/em><\/p>\n\n\n\n<p>lauda! (lobt!) mone!<\/p>\n\n\n\n<p>Laudat-e! (lobe) mone \u2013 te!<\/p>\n\n\n\n<p>Audi! Rege!<\/p>\n\n\n\n<p>Audi \u2013 te! Reg \u2013 ite!<\/p>\n\n\n\n<p><strong>Esse = sein<\/strong><\/p>\n\n\n\n<p>singular plural<\/p>\n\n\n\n<ol class=\"wp-block-list\">\n<li>Person sum (ich bin) sumus (wir sind)<\/li>\n\n\n\n<li>Person es (du bist) estis (ihr seid)<\/li>\n\n\n\n<li>Person est (sie sind) sunt (wir sind)<\/li>\n<\/ol>\n\n\n\n<p><strong>posse = k\u00f6nnen<\/strong><\/p>\n\n\n\n<p>singular plural<\/p>\n\n\n\n<ol class=\"wp-block-list\">\n<li>Person possum (ich kann) possumus (wir k\u00f6nnen)<\/li>\n\n\n\n<li>Person potes (du kannst) potestis (ihr k\u00f6nnt)<\/li>\n\n\n\n<li>Person potest (er\/sie\/es kann) possunt (sie k\u00f6nnen)<\/li>\n<\/ol>\n\n\n\n<p><strong>Ire = gehen<\/strong><\/p>\n\n\n\n<ol class=\"wp-block-list\">\n<li>Person eo (ich gehe) imus (wir gehen)<\/li>\n\n\n\n<li>Person is (du gehst) itis (ihr geht)<\/li>\n\n\n\n<li>Person it (er\/sie\/es geht) eunt (sie gehen)<\/li>\n<\/ol>\n\n\n\n<p>i (gehe!)<\/p>\n\n\n\n<p>ite (geht!)<\/p>\n\n\n\n<p>ego ich<\/p>\n\n\n\n<p>me mich<\/p>\n\n\n\n<p>tu du<\/p>\n\n\n\n<p>te dich<\/p>\n\n\n\n<p>nos wir<\/p>\n\n\n\n<p>nos uns<\/p>\n\n\n\n<p>vos ihr<\/p>\n\n\n\n<p>vos euch<\/p>\n\n\n\n<p><strong>Personenendungen<\/strong><\/p>\n\n\n\n<p>-o ich -mus wir<\/p>\n\n\n\n<p>-s du -tis ihr<\/p>\n\n\n\n<p>-t er\/sie\/es -nt sie<\/p>\n\n\n\n<p><strong>Deklination<\/strong><em> <\/em><em>(Beugung eines Substantives oder Adjektivs)<\/em><\/p>\n\n\n\n<p><strong>a \u2013 Deklination<\/strong><\/p>\n\n\n\n<p><em>domin \u2013 a (Die Herrin)<\/em> singular plural<\/p>\n\n\n\n<p>Nominativ (wer) domin \u2013 a domin \u2013 ae<\/p>\n\n\n\n<p>Genitiv (wessen) domin \u2013 ae domin \u2013 arum<\/p>\n\n\n\n<p>Dativ (wem) domin \u2013 ae domin \u2013 is<\/p>\n\n\n\n<p>Akkusativ (wen) domin \u2013 am domin \u2013 as<\/p>\n\n\n\n<p>(Vokativ) domin \u2013 a domin \u2013 ae<\/p>\n\n\n\n<p>Ablativ(wegbew.) cum domin \u2013 a cum domin \u2013 is<\/p>\n\n\n\n<p><strong>o \u2013 Deklination<\/strong><\/p>\n\n\n\n<p><em>domin \u2013 us (Der Herr)<\/em><\/p>\n\n\n\n<p>singular plural<\/p>\n\n\n\n<p>Nominativ (wer) domin \u2013 us domin \u2013 i<\/p>\n\n\n\n<p>Genitiv (wessen) domin \u2013 i domin \u2013 orum<\/p>\n\n\n\n<p>Dativ (wem) domin \u2013 o domin \u2013 is<\/p>\n\n\n\n<p>Akkusativ (wen) domin \u2013 um domin \u2013 os<\/p>\n\n\n\n<p>Vokativ domin \u2013 e domin \u2013 i<\/p>\n\n\n\n<p>Ablativ(wegbew.) domin \u2013 o domin \u2013 is<\/p>\n\n\n\n<p><strong>e \u2013 Deklination<\/strong><\/p>\n\n\n\n<p><em>res \u2013 die Sache. Das Ding<\/em><\/p>\n\n\n\n<p>singular plural<\/p>\n\n\n\n<p>Nominativ (wer) res res<\/p>\n\n\n\n<p>Genitiv (wessen) rei rerum<\/p>\n\n\n\n<p>Dativ (wem) rei rebus<\/p>\n\n\n\n<p>Akkusativ (wen) rem res<\/p>\n\n\n\n<p>Ablativ(wegbew.) re rebus<\/p>\n\n\n\n<p><em>res publica die \u00f6ffentliche Sache = der Staat<\/em><\/p>\n\n\n\n<p><em>res privata Privatsache<\/em><\/p>\n\n\n\n<p><em>res secundae das Gl\u00fcck<\/em><\/p>\n\n\n\n<p><em>res adversae das Ungl\u00fcck<\/em><\/p>\n\n\n\n<p><em>dies (m.) der Tag<\/em><\/p>\n\n\n\n<p><em>meridies der Mittag<\/em><\/p>\n\n\n\n<p><strong>u \u2013 Deklination<\/strong><\/p>\n\n\n\n<p><em>exercitus, -us (m.) \u2013 das Heer<\/em><\/p>\n\n\n\n<p>singular plural<\/p>\n\n\n\n<p>Nominativ (wer) exercit-us exercit-us<\/p>\n\n\n\n<p>Genitiv (wessen) exercit-us exercit-uum<\/p>\n\n\n\n<p>Dativ (wem) exercit-ui exercit-ibus<\/p>\n\n\n\n<p>Akkusativ (wen) exercit-um exercit-us<\/p>\n\n\n\n<p>Ablativ(wegbew.) exercit-u exercit-ibus<\/p>\n\n\n\n<p><strong>Konsonantische Deklination <\/strong><em>(Mitlaute)<\/em><\/p>\n\n\n\n<p><em>senator (Der Senator)<\/em><\/p>\n\n\n\n<p>singular plural<\/p>\n\n\n\n<p>Nominativ (wer) senator senator \u2013 es<\/p>\n\n\n\n<p>Genitiv (wessen) senator \u2013 is senator \u2013 um<\/p>\n\n\n\n<p>Dativ (wem) senator \u2013 i senator \u2013 ibus<\/p>\n\n\n\n<p>Akkusativ (wen) senator \u2013 em senator \u2013 es<\/p>\n\n\n\n<p>Vokativ<\/p>\n\n\n\n<p>Ablativ(wegbew.) senator \u2013 e senator \u2013 ibus<\/p>\n\n\n\n<p><strong>Adjektive<\/strong> <em>(Wiewort)<\/em><\/p>\n\n\n\n<p>3 endige, 2 endige, 1 endige Adjektive<\/p>\n\n\n\n<p>magnus, magna, magnum = gro\u00df<\/p>\n\n\n\n<p>(mask.) (fem.) (neutr.)<\/p>\n\n\n\n<p><strong>KNG<\/strong><\/p>\n\n\n\n<p>N\/Sg.\/n N\/Sg.\/n Akk.\/Pl\/n Akk.\/Pl.\/n<\/p>\n\n\n\n<p>templum magnum templa magna<\/p>\n\n\n\n<p>N\/Sg\/m N\/Sg\/m D\/Abl\/Pl\/m D\/Abl\/Pl\/m<\/p>\n\n\n\n<p>senator magnus senatoribus magnis<\/p>\n\n\n\n<p><strong>AcI<\/strong> <em>(Accusativus cum Infinitif)<\/em><\/p>\n\n\n\n<p>Ich sehe die Jungen kommen<\/p>\n\n\n\n<p><em>Subject Pr\u00e4dikat Akkusativ Infinitiv<\/em><\/p>\n\n\n\n<p>Dico matrem filias salutare<\/p>\n\n\n\n<p>Ich sage die Mutter die T\u00f6chter gr\u00fc\u00dfen<\/p>\n\n\n\n<p>Subjekt Akkusativ Akkusativ Infinitif<\/p>\n\n\n\n<p><strong>Kopfverben<\/strong><\/p>\n\n\n\n<p>sprechen<\/p>\n\n\n\n<p>sehen<\/p>\n\n\n\n<p>h\u00f6ren<\/p>\n\n\n\n<p>denken \/ glauben \/ meinen<\/p>\n\n\n\n<ul class=\"wp-block-list\">\n<li>Verben des sagens (dicere)<\/li>\n\n\n\n<li>Verben der sinnlichen Wahrnehmung (audire, videre)<\/li>\n\n\n\n<li>Verben des Glaubens (putare)<\/li>\n\n\n\n<li>Verben des F\u00fchlens (sentire)<\/li>\n\n\n\n<li>Verben der Gef\u00fchls\u00e4u\u00dferung<\/li>\n\n\n\n<li>Verben nach festen Ausdr\u00fccken (constart, licet)<\/li>\n<\/ul>\n\n\n\n<p><strong>Ut &#8211; S\u00e4tze<\/strong><\/p>\n\n\n\n<p>ut dass, damit<\/p>\n\n\n\n<p>ut non dass nicht<\/p>\n\n\n\n<p>ne dass nicht<\/p>\n\n\n\n<p>ne dass (nach Verben des f\u00fcrchtens und hinderns, \u201etimet, prohibere\u201c)<\/p>\n\n\n\n<p>ut dass nicht<\/p>\n\n\n\n<p><strong>Personalpronomina<\/strong> <em>(Pers\u00f6nliches F\u00fcrwort)<\/em><\/p>\n\n\n\n<p>1. Person 2.Person 1. Person 2. Person<\/p>\n\n\n\n<p>Nominativ (wer) ego (ich) tu (du) nos (wir) vos (ihr)<\/p>\n\n\n\n<p>Akkusativ (wen) me (mich) te (dich) nos vos<\/p>\n\n\n\n<p><strong>Pr\u00e4positionen<\/strong><em>(Verh\u00e4ltnisw\u00f6rter)<\/em><\/p>\n\n\n\n<p>Akkusativ (wen): ad (zu, an, bei)<\/p>\n\n\n\n<p>post (nach, hinten)<\/p>\n\n\n\n<p>ante (vor)<\/p>\n\n\n\n<p>in (zu, nach)<\/p>\n\n\n\n<p>Ablativ(wegbewegung):ab \/ a (von, von&#8230;web)<\/p>\n\n\n\n<p>de (von, \u00fcber)<\/p>\n\n\n\n<p>ex \/ e (aus, heraus)<\/p>\n\n\n\n<p>cum (mit)<\/p>\n\n\n\n<p>sine (ohne)<\/p>\n\n\n\n<p>pro (f\u00fcr)<\/p>\n\n\n\n<p>prae (vor)<\/p>\n\n\n\n<p><strong>Reflexivpronomen<\/strong> <em>(R\u00fcckbez\u00fcgliches F\u00fcrwort)<\/em><\/p>\n\n\n\n<p>singular\/plural<\/p>\n\n\n\n<p>Nominativ (wer): &#8212;<\/p>\n\n\n\n<p>Genitiv (wessen): (sui) (seines \/ ihrer)<\/p>\n\n\n\n<p>Dativ (wen): sibi (f\u00fcr sich)<\/p>\n\n\n\n<p>Akkusativ (wen): se (sich)<\/p>\n\n\n\n<p>Ablativ(wegbew.): secum (mit sich)<\/p>\n\n\n\n<p>a se (von sich)<\/p>\n\n\n\n<p><strong>Relativpronomen<\/strong> <em>(Bez\u00fcgliches F\u00fcrwort)<\/em><\/p>\n\n\n\n<p><em>qui quae quod<\/em><\/p>\n\n\n\n<p>der die das<\/p>\n\n\n\n<p>welcher welche welches<\/p>\n\n\n\n<p><em>singular plural<\/em><\/p>\n\n\n\n<p><em>m. f. n. m. f. n.<\/em><\/p>\n\n\n\n<p>Nominativ (wer): qui quae quod qui quae quae<\/p>\n\n\n\n<p>Genitiv (wessen): cuius quorum quarum quorum<\/p>\n\n\n\n<p>Dativ (wen): cui quibus<\/p>\n\n\n\n<p>Akkusativ (wen): quem quam quod quos quas quae<\/p>\n\n\n\n<p>Ablativ(wegbew.): quo qua quo quibus<\/p>\n\n\n\n<p><strong>Pronomen der 3. Person <\/strong><strong>(er \/ sie \/ es)<\/strong><\/p>\n\n\n\n<p><em>singular plural<\/em><\/p>\n\n\n\n<p><em>m. f. n. m. f. n.<\/em><\/p>\n\n\n\n<p>Nominativ (wer): is ea id ii eae ea<\/p>\n\n\n\n<p>Genitiv (wessen): eius eorum earum eorum<\/p>\n\n\n\n<p>Dativ (wen): ei eis<\/p>\n\n\n\n<p>Akkusativ (wen): eum eam id eos eas ea<\/p>\n\n\n\n<p>Ablativ(wegbew.): eo ea eo eis<\/p>\n\n\n\n<p><strong>Demonstrativpronomina<\/strong> <em>(Hinweisendes F\u00fcrwort)<\/em><\/p>\n\n\n\n<p>hic, haec, hoc = dieser, diese, dieses<\/p>\n\n\n\n<p>iste, ista, istud = dieser, diese, dieses<\/p>\n\n\n\n<p>ille, illa, illud = jener, jene, jenes<\/p>\n\n\n\n<p><em>singular plural<\/em><\/p>\n\n\n\n<p><em>m. f. n. m. f. n.<\/em><\/p>\n\n\n\n<p>Nominativ (wer): hic haec hoc hi hae haec<\/p>\n\n\n\n<p>Genitiv (wessen): huius horum harum horum<\/p>\n\n\n\n<p>Dativ (wen): huic his<\/p>\n\n\n\n<p>Akkusativ (wen): hunc hanc hoc hos has haec<\/p>\n\n\n\n<p>Ablativ(wegbew.): hoc hoc hoc his<\/p>\n\n\n\n<p>Nominativ (wer): iste ista istud isti istae ista<\/p>\n\n\n\n<p>Genitiv (wessen): istius istorum istarum istorum<\/p>\n\n\n\n<p>Dativ (wen): isti istis<\/p>\n\n\n\n<p>Akkusativ (wen): istum istam istud istos istas ista<\/p>\n\n\n\n<p>Ablativ(wegbew.): isto ista isto istis<\/p>\n\n\n\n<p><strong>Personenendungen Perfekt<\/strong><\/p>\n\n\n\n<p><strong>Das Perfekt<\/strong> <em>(Zeitangabe: Vollkommen)<\/em><\/p>\n\n\n\n<p>Vergangenheitstempus: <em>er ist gelaufen, wir haben gegessen<\/em><\/p>\n\n\n\n<p>Im Lateinischen gibt es sechs verschiedene Perfektst\u00e4mme, an die Personenendungen angeh\u00e4ngt werden. Mit den Perfektst\u00e4mmen werden auch die Formen des Plusquamperfekt an das Futur II<\/p>\n\n\n\n<p>gebildet.<\/p>\n\n\n\n<p><strong>Perfektst\u00e4mme<\/strong><\/p>\n\n\n\n<ol class=\"wp-block-list\" style=\"list-style-type:upper-roman\">\n<li>V-Perfekt Personenendungen Perfekt\n<ol class=\"wp-block-list\">\n<li><\/li>\n<\/ol>\n<\/li>\n\n\n\n<li>U-Perfekt -isti -istis\n<ol class=\"wp-block-list\">\n<li><\/li>\n<\/ol>\n<\/li>\n\n\n\n<li>S-Perfekt\n<ol class=\"wp-block-list\">\n<li><\/li>\n<\/ol>\n<\/li>\n\n\n\n<li>Dehnungsperfekt Perfekt\n<ol class=\"wp-block-list\">\n<li><\/li>\n<\/ol>\n<\/li>\n\n\n\n<li>Reduplikationsperfekt 1. laudavi venimus\n<ol class=\"wp-block-list\">\n<li><\/li>\n<\/ol>\n<\/li>\n\n\n\n<li>Stammperfekt\n<ol class=\"wp-block-list\">\n<li><\/li>\n<\/ol>\n<\/li>\n<\/ol>\n\n\n\n<p><strong>Das Imperfekt<\/strong> <em>(Zeitangabe: Unvollkommen)<\/em><\/p>\n\n\n\n<p>Das Imperfekt wird durch Erweiterung mit der Silbe -ba- an den Pr\u00e4sensstamm gebildet. Hinzu treten die bekannten Personenendungen. Lediglich in der 1. Person singular wird -m anstelle von -o gesetzt.<\/p>\n\n\n\n<p>Laudare: lauda \u2013 ba \u2013 m , lauda \u2013 ba \u2013 s, lauda \u2013 ba \u2013 t<\/p>\n\n\n\n<p>lauda \u2013 ba \u2013 mus, lauda \u2013 ba \u2013 tis, lauda \u2013 ba \u2013 nt<\/p>\n\n\n\n<p>esse posse ire<\/p>\n\n\n\n<p>\u2192 eram, eras, erat \u2192 pot \u2013 eram, \u2192 i \u2013 ba \u2013 m,<\/p>\n\n\n\n<p>eramus,eratis, erant pot \u2013 eras, \u2026 i \u2013 ba \u2013 s,..<\/p>\n\n\n\n<p><strong>Plusquamperfekt<\/strong> <em>(Zeitangabe: Mehr als Vollendet, Vollendete Vergangenheit)<\/em><\/p>\n\n\n\n<p><em>Perfektstamm<\/em> + <em>Formen des Imperfekt von Esse<\/em><\/p>\n\n\n\n<p><em>Beispiele<\/em><\/p>\n\n\n\n<p>v- lauda-v-eram -eram<\/p>\n\n\n\n<p>u- mon-u-eras -eras<\/p>\n\n\n\n<p>s- sen-s-erat -erat<\/p>\n\n\n\n<p>Dehnungs-,Reduplikationsperf. Ven-eramus <em>usw<\/em>.<\/p>\n\n\n\n<p>Stammperfekt cucurr-eratis<\/p>\n\n\n\n<p>defend-erant<\/p>\n\n\n\n<p><strong><u>Indikativ Pr\u00e4sens Passiv<\/u> <\/strong><em>(Verb anzeige \u2013 Gegenwart &#8211; passiv)<\/em><\/p>\n\n\n\n<p>-o(r), -ris, -tur<\/p>\n\n\n\n<p>-mur, -mini, -ntur<\/p>\n\n\n\n<p><strong>a-Konjugation<\/strong><\/p>\n\n\n\n<p>vocare \u2192 voc-o<\/p>\n\n\n\n<p>singular plural<\/p>\n\n\n\n<ol class=\"wp-block-list\">\n<li>voc-or voca-mur<\/li>\n\n\n\n<li>voca-ris voca-mini<\/li>\n\n\n\n<li>voca-tur voca-ntur<\/li>\n<\/ol>\n\n\n\n<p><strong>e-Konjugation<\/strong><\/p>\n\n\n\n<p>delere \u2192 dele-o<\/p>\n\n\n\n<p>singular plural<\/p>\n\n\n\n<ol class=\"wp-block-list\">\n<li>dele-or dele-mur<\/li>\n\n\n\n<li>dele-ris dele-mini<\/li>\n\n\n\n<li>dele-tur dele-ntur<\/li>\n<\/ol>\n\n\n\n<p><strong>i-Konjugation<\/strong><\/p>\n\n\n\n<p>audire \u2192 audio<\/p>\n\n\n\n<p>singular plural<\/p>\n\n\n\n<ol class=\"wp-block-list\">\n<li>audi-or audi-mur<\/li>\n\n\n\n<li>audi-ris audi-mini<\/li>\n\n\n\n<li>audi-tur audi-untur<\/li>\n<\/ol>\n\n\n\n<p><strong>Konsonantische-Konjugation<\/strong><\/p>\n\n\n\n<p>regere \u2192 reg-o<\/p>\n\n\n\n<p>singular plural<\/p>\n\n\n\n<ol class=\"wp-block-list\">\n<li>reg-or reg-i-mur<\/li>\n\n\n\n<li>reg-e-ris reg-i-mini<\/li>\n\n\n\n<li>reg-i-tur reg-u-ntur<\/li>\n<\/ol>\n\n\n\n<p><strong>Kurzvokalische-Konjugation<\/strong><\/p>\n\n\n\n<p>capere \u2192 cap-i-o<\/p>\n\n\n\n<p>singular plural<\/p>\n\n\n\n<ol class=\"wp-block-list\">\n<li>cap-i-or cap-i-mur<\/li>\n\n\n\n<li>cap-e-ris cap-i-mini<\/li>\n\n\n\n<li>cap-i-tur cap-i-u-ntur<\/li>\n<\/ol>\n\n\n\n<p><strong>Indikativ Imperfekt Passiv<\/strong><em> (Verbanzeige \u2013 Unvollendet \u2013 passiv)<\/em><\/p>\n\n\n\n<p>voc-a-ba-m<\/p>\n\n\n\n<p>singular plural<\/p>\n\n\n\n<ol class=\"wp-block-list\">\n<li>voc-a-ba-r reg-e-ba-mur<\/li>\n\n\n\n<li>del-e-ba-ris cap-i-e-ba-mini<\/li>\n\n\n\n<li>aud-i-e-ba-tur aud-i-e-ba-ntur<\/li>\n<\/ol>\n\n\n\n<p><strong><u>Infinitif Passiv<\/u> <\/strong><em>(unbestimmte Verben)<\/em><\/p>\n\n\n\n<p>laudare \u2192 laudari regere \u2192 regi<\/p>\n\n\n\n<p>monere \u2192 moneri capere \u2192 capi<\/p>\n\n\n\n<p>audire \u2192 audiri<\/p>\n\n\n\n<p><strong><u>Perfekt \/ Plusquam Perfekt Passiv<\/u><\/strong><em> (Vergangenheit \/ Vollendete Vergangenheit \u2013 passiv)<\/em><\/p>\n\n\n\n<p>laudare, laudo, laudavi, lauda -tus, -ta, -tum<\/p>\n\n\n\n<p>Das Partizip Perfekt Passiv (PPP) wird durch Anh\u00e4ngen der Silben -tus\/-ta\/-tum bzw. -sus\/-sa\/-sum an den Pr\u00e4sensstamm des Verbs gebildet.<\/p>\n\n\n\n<p><em>(* Partizip \u2013 Teilhabendes Verb \u2013 Mittelwort)<\/em><\/p>\n\n\n\n<p>Bsp.: monere \u2192 moni-tus\/-ta\/tum (gemahnt)<\/p>\n\n\n\n<p>venire \u2192 ven-tus\/-ta\/-tum (gekommt)<\/p>\n\n\n\n<p>sentire \u2192 sen-sus\/-sa\/-sum (gef\u00fchlt)<\/p>\n\n\n\n<p><strong><u>Perfekt Passiv<\/u><\/strong><em> (Vergangenheit \u2013 passiv)<\/em><\/p>\n\n\n\n<p>Das Perfekt Passiv wird durch die PPP-Form und die Formen des Pr\u00e4sens von <em>esse<\/em> gebildet.<\/p>\n\n\n\n<p>Bsp. facere <em>(=tun, machen)<\/em><\/p>\n\n\n\n<p>-facio, -feci, -factum<\/p>\n\n\n\n<p>factus sum = ich bin gemacht worden<\/p>\n\n\n\n<p><strong><u>Plusquam Perfekt Passiv<\/u><\/strong><em> (Vollendete Vergangenheit \u2013 passiv)<\/em><\/p>\n\n\n\n<p>Das Plusquamperfekt Passiv wird durch die PPP Form und die Formen des Imperfekts von <em>esse<\/em> gebildet.<\/p>\n\n\n\n<p><strong><u>Partizip Perfekt Passiv<\/u><\/strong><em> (Mittelwort &#8211; Vergangenheit \u2013 passiv)<\/em><\/p>\n\n\n\n<p><em>&#8212;&#8212;&#8212;&#8212;&#8212;&#8212;&#8212;&#8212;&#8212;&#8211;&gt; PC &lt;&#8212;&#8212;&#8212;&#8212;&#8212;&#8211;<\/em><\/p>\n\n\n\n<p><em>| (participium coniunctum) |<\/em><\/p>\n\n\n\n<p>Mater filum a patre laudatum vocat<\/p>\n\n\n\n<p>Nominatif\/Sg.\/f. Akkusativ\/Sg.\/m. Ablativ\/Sg.\/m. Akkusativ\/Sg.\/m.<\/p>\n\n\n\n<p><strong>Ablativus absolutus<\/strong><em> (Wegbewegung, absolut)<\/em><\/p>\n\n\n\n<p>Unter einem Ablativus absolutus versteht man eine Partizipalkonstruktion, die vom Hauptsatz losgel\u00f6st als Nebensatz steht. D.h. Der Abl. Abs. ersetzt einen Nebensatz, der temporal, kausal, modal, konzessiv etc. steht. Der Nebensatz steht dabei im Abletiv (\u2192 Substantiv+Partizip stehen im Ablativ)<\/p>\n\n\n\n<ol class=\"wp-block-list\" style=\"list-style-type:upper-roman\">\n<li>Proelio commisso milites a Caesare honoribus affecti sunt<\/li>\n\n\n\n<li>Alesia expugnata Vercingetorix deditus est.<\/li>\n\n\n\n<li>Oppido a Romanis capto multi Galli interfecti sunt<\/li>\n<\/ol>\n\n\n\n<p>|&#8211;&gt; Abl.abs.<\/p>\n\n\n\n<p><strong>Nominale Ablativi absoluti<\/strong><\/p>\n\n\n\n<p>Caesare imperatore: als Caesar Feldherr war<\/p>\n\n\n\n<p>w\u00e4hrend der Feldherrschaft des Caesar<\/p>\n\n\n\n<p>Pompeio duce: als Pompeius Anf\u00fchrer war<\/p>\n\n\n\n<p>unter Pompeius F\u00fchrung<\/p>\n\n\n\n<p>Cicerone consule: Als Cicero Konsul war<\/p>\n\n\n\n<p>unter Ciceros Konsulat<\/p>\n\n\n\n<p>Hannibale mortuo: nach dem Tod des Hannibal<\/p>\n\n\n\n<p>Augusto auctore: auf Veranlassung des Augustus<\/p>\n\n\n\n<p><strong>Futur I<\/strong> <em>(Zuk\u00fcnftig)<\/em><\/p>\n\n\n\n<ol class=\"wp-block-list\" style=\"list-style-type:upper-roman\">\n<li>F\u00fcr a-, u-, e- Konjugation II. F\u00fcr restliche Konjugations Klassen -bo, -bi, -bu \u201ekamel\u201c &#8211; Futur<\/li>\n<\/ol>\n\n\n\n<p>Bsp.: 1. lauda \u2013 bo (ich werde loben) 3. audi \u2013 am (ich werde h\u00f6ren)<\/p>\n\n\n\n<p>lauda \u2013 bi \u2013 s (Du wirst loben) audi \u2013 es (Du wirst h\u00f6ren)<\/p>\n\n\n\n<p>lauda \u2013 bu \u2013 nt (sie werden loben) 4. reg \u2013 e \u2013 t (er\/sie\/es lenken)<\/p>\n\n\n\n<p>2. dele \u2013 bi \u2013 t (er\/sie\/es wird zerst\u00f6ren) 5. faci &#8211; e \u2013 nt (sie werden machen)<\/p>\n\n\n\n<p>dele \u2013 bi \u2013 mus (wir werden zerst\u00f6ren)<\/p>\n\n\n\n<p><strong>esse posse<\/strong><\/p>\n\n\n\n<ol class=\"wp-block-list\">\n<li>ero erimus pot \u2013 ero poterimus<\/li>\n\n\n\n<li>eris eritis pot \u2013 eris poteritis<\/li>\n\n\n\n<li>erit erunt pot \u2013 erit poterunt<\/li>\n<\/ol>\n\n\n\n<p><strong>Futur I &#8211; passiv<\/strong> <em>(Zuk\u00fcnftig \u2013 passiv)<\/em><\/p>\n\n\n\n<p>-bor, -beris, -bitur -ar, -eris, -etur<\/p>\n\n\n\n<p>-bimur, -bimini, -buntur -emur, -emini, -entur<\/p>\n\n\n\n<p>Bsp.: lauda \u2013 bor reg \u2013 ar<\/p>\n\n\n\n<p>lauda \u2013 beris mitt \u2013 eris<\/p>\n\n\n\n<p>mone \u2013 bitur faci \u2013 etur<\/p>\n\n\n\n<p>dele \u2013 buntur<\/p>\n\n\n\n<p><strong>Partizip Futur Aktiv (PFA)<\/strong> <em>(Mittelwort \/ Zuk\u00fcnftig \/ Aktiv)<\/em><\/p>\n\n\n\n<p>-turus -tura -turum<\/p>\n\n\n\n<p>-surus -sura -surum<\/p>\n\n\n\n<p>vocare \u2192 vocaturus (einer der rufen wird)<\/p>\n\n\n\n<p>Spero te venturum esse<\/p>\n\n\n\n<p><em>Ich hoffe, dass Du kommen wirst<\/em><\/p>\n\n\n\n<p>Spero te felicem futurum esse (=fore)<\/p>\n\n\n\n<p><em>Ich hoffe, dass Du gl\u00fccklich sein wirst<\/em><\/p>\n\n\n\n<p>sentire \u2192 sentiens : einer der f\u00fchlt [PPA] *Gleichzeitigkeit<\/p>\n\n\n\n<p>sensus : etwas, das gef\u00fchlt worden ist [PPP] *Vorzeitigkeit<\/p>\n\n\n\n<p>sensurus : einer der f\u00fchlen wird [PFA]<\/p>\n\n\n\n<p>mittere \u2192 mittens : einer der schickt<\/p>\n\n\n\n<p>missus : einer der geschickt worden ist<\/p>\n\n\n\n<p>missurus : einer, der schicken wird<\/p>\n\n\n\n<p><strong><u>Konjunktiv Pr\u00e4sens Aktiv<\/u><\/strong><em> <\/em><em>(M\u00f6glichkeitsform \/ Gegenwart \/ aktiv)<\/em><\/p>\n\n\n\n<p><em>a-Konj. E-Konj. I-Konj. Konso.-Konj. Kurzvok.-Konj.<\/em><\/p>\n\n\n\n<p><em>vocare delere venire regere facere<\/em><\/p>\n\n\n\n<ol class=\"wp-block-list\">\n<li>voc \u2013 e \u2013 m del &#8211; e \u2013 a \u2013 m ven \u2013 i \u2013 a \u2013 m reg \u2013 a \u2013 m faci \u2013 a \u2013 m<\/li>\n\n\n\n<li>voc \u2013 e \u2013 s del \u2013 e \u2013 a \u2013 s ven \u2013 i \u2013 a \u2013 s reg \u2013 a \u2013 s faci \u2013 a \u2013 s<\/li>\n\n\n\n<li>voc \u2013 e \u2013 t del \u2013 e \u2013 a \u2013 t ven \u2013 i \u2013 a \u2013 t reg \u2013 a \u2013 t faci \u2013 a \u2013 t<\/li>\n<\/ol>\n\n\n\n<p><strong>Konjunktiv Pr\u00e4sens passiv<\/strong><em> <\/em><em>(M\u00f6glichkeitsform \/ Gegenwart \/ passiv)<\/em><\/p>\n\n\n\n<p><em>a-Konj. E-Konj. I-Konj. Konso.-Konj. Kurzvok.-Konj.<\/em><\/p>\n\n\n\n<p><em>vocare delere audire regere facere<\/em><\/p>\n\n\n\n<ol class=\"wp-block-list\">\n<li>voc \u2013 e \u2013 r del \u2013 a \u2013 r audi \u2013 i \u2013 a \u2013 r reg \u2013 a \u2013 r faci \u2013 a \u2013 r<\/li>\n\n\n\n<li>voc \u2013 e \u2013 ris del \u2013 a \u2013 ris audi \u2013 i \u2013 a \u2013 ris reg \u2013 a \u2013 ris faci \u2013 a \u2013 ris<\/li>\n\n\n\n<li>voc \u2013 e \u2013 tur del \u2013 a \u2013 tur audi \u2013 i \u2013 a \u2013 tur reg \u2013 a \u2013 tur faci \u2013 a \u2013 tur<\/li>\n<\/ol>\n\n\n\n<p><strong>esse posse ire ferre<\/strong><\/p>\n\n\n\n<p>konj.\/ konj.\/ konj.\/ konj.\/ konj.\/ konj.\/ konj.\/ konj.\/<\/p>\n\n\n\n<p>pr\u00e4s.akt. pr\u00e4s.pass. pr\u00e4s.akt. pr\u00e4s.pass. pr\u00e4s.akt. pr\u00e4s.pass. pr\u00e4s.akt. pr\u00e4s.pass.<\/p>\n\n\n\n<ol class=\"wp-block-list\">\n<li>sim simus pos \u2013 sim pos \u2013 simus ea \u2013 m eam fer \u2013 a \u2013 m fer \u2013 a &#8211; r<\/li>\n\n\n\n<li>sis sitis pos \u2013 sis pos \u2013 sitis ea \u2013 s eatis fer \u2013 a \u2013 s fer \u2013 a &#8211; ris<\/li>\n\n\n\n<li>sit sint pos \u2013 sit pos \u2013 sint ea \u2013 t eant fer \u2013 a \u2013 t fer \u2013 a \u2013 tur<\/li>\n<\/ol>\n\n\n\n<p><strong>3 \u2013 Endige Adjektive der Konsonantischen Deklination <\/strong><em><\/em><em>(Wiewort)<\/em><\/p>\n\n\n\n<p><em>singular plural<\/em><\/p>\n\n\n\n<p><em>m f n m f n<\/em><\/p>\n\n\n\n<p>Nominativ (wer) acer acris acre acres acres acria<\/p>\n\n\n\n<p>Genitiv (wessen) acris acrium<\/p>\n\n\n\n<p>Dativ (wem) acri acribus<\/p>\n\n\n\n<p>Akkusativ (wen) acrem acrem acre acres acres acria<\/p>\n\n\n\n<p>Ablativ(wegbew.) acri acribus<\/p>\n\n\n\n<p><strong>2 \u2013 Endige Adjektive der Konsonantischen Deklination <\/strong><em><\/em><em>(Wiewort)<\/em><\/p>\n\n\n\n<p><em>singular plural<\/em><\/p>\n\n\n\n<p><em>m \/ f n m \/ f n<\/em><\/p>\n\n\n\n<p>Nominativ (wer) difficilis difficile difficiles difficilia<\/p>\n\n\n\n<p>Genitiv (wessen) difficilis difficilium<\/p>\n\n\n\n<p>Dativ (wem) difficili difficilibus<\/p>\n\n\n\n<p>Akkusativ (wen) difficilem difficile difficiles difficilia<\/p>\n\n\n\n<p>Ablativ(wegbew.) difficili difficilibus<\/p>\n\n\n\n<p><strong>1 \u2013 Endige Adjektive der Konsonantischen Deklination <\/strong><em>(Wiewort)<\/em><\/p>\n\n\n\n<p><em>singular plural<\/em><\/p>\n\n\n\n<p><em>m \/ f n m \/ f n<\/em><\/p>\n\n\n\n<p>Nominativ (wer) felix felices felicia<\/p>\n\n\n\n<p>Genitiv (wessen) felicis felicium<\/p>\n\n\n\n<p>Dativ (wem) felici felicibus<\/p>\n\n\n\n<p>Akkusativ (wen) felicem felix felices felicia<\/p>\n\n\n\n<p>Ablativ(wegbew.) felici felicibus<\/p>\n\n\n\n<p><strong>Glossar<\/strong><\/p>\n\n\n\n<p><strong>Ablativ<\/strong> <em>Bewegung von etwas weg<\/em><\/p>\n\n\n\n<p>Der&nbsp;<strong>Ablativ<\/strong>&nbsp;ist ein \u201eindirekter\u201c&nbsp;<a href=\"https:\/\/de.wikipedia.org\/wiki\/Kasus\">Fall<\/a>&nbsp;der Grammatik mehrerer lebender und&nbsp;<\/p>\n\n\n\n<p><a href=\"https:\/\/de.wikipedia.org\/wiki\/Sprachtod\">toter Sprachen<\/a>&nbsp;und dr\u00fcckt prim\u00e4r eine&nbsp;Trennung&nbsp;bzw.&nbsp;Wegbewegung&nbsp;aus.<\/p>\n\n\n\n<p><strong>Adjektiv<\/strong> <em>Eigenschaftswort<\/em><\/p>\n\n\n\n<p>Ein&nbsp;<strong>Adjektiv<\/strong>ist ein Wort, das ohne weiteres ein Substantiv modifizieren, d.&nbsp;h. als&nbsp;<a href=\"https:\/\/de.wikipedia.org\/wiki\/Attribut_(Grammatik)\">Attribut<\/a>fungieren kann, unbeschadet der M\u00f6glichkeit, dass es noch andere Funktionen im Satz wahrnehmen kann. Typische Adjektive bezeichnen Eigenschaften wie \u201agut\u2018 und Zust\u00e4nde wie \u201anass\u2018.<\/p>\n\n\n\n<p><strong>Artikel<\/strong> <em>Geschlechtswort<\/em><\/p>\n\n\n\n<p>Als&nbsp;<strong>Artikel<\/strong>&nbsp;(von&nbsp;<a href=\"https:\/\/de.wikipedia.org\/wiki\/Latein\">lateinisch<\/a>&nbsp;articulus&nbsp;\u201aGelenk\u2018), in der traditionellen&nbsp; <a href=\"https:\/\/de.wikipedia.org\/wiki\/Grammatik\">Grammatik<\/a>&nbsp; auch&nbsp; <strong>Geschlechtswort<\/strong>&nbsp; oder&nbsp; <strong>Begleiter<\/strong>, wird ein&nbsp;<a href=\"https:\/\/de.wikipedia.org\/wiki\/Wort\">Wort<\/a>&nbsp;bezeichnet, das regelhaft in Verbindung mit einem&nbsp; <a href=\"https:\/\/de.wikipedia.org\/wiki\/Substantiv\">Substantiv<\/a> &nbsp;(einschlie\u00dflich <a href=\"https:\/\/de.wikipedia.org\/wiki\/Substantivierung\">Substantivierungen<\/a>) gebraucht wird und es vor allem hinsichtlich seiner&nbsp;<a href=\"https:\/\/de.wikipedia.org\/wiki\/Definitheit_(Linguistik)\">Definitheit<\/a>&nbsp;kennzeichnet.<\/p>\n\n\n\n<p><strong>Akkusativ<\/strong> <em>wen<\/em><\/p>\n\n\n\n<p>Der&nbsp;<strong>Akkusativ<\/strong>ist ein&nbsp;<a href=\"https:\/\/de.wikipedia.org\/wiki\/Grammatik\">grammatikalischer<\/a><a href=\"https:\/\/de.wikipedia.org\/wiki\/Kasus\">Fall<\/a>(<a href=\"https:\/\/de.wikipedia.org\/wiki\/Latein\">lateinisch<\/a><em>Casus<\/em>). In vielen deutschen Grammatiken wird eine traditionelle Anordnung der F\u00e4lle verwendet, in der der Akkusativ dann als&nbsp;<strong>4. Fall<\/strong>bezeichnet wird<\/p>\n\n\n\n<p><strong>Dativ<\/strong> <em>wem<\/em><\/p>\n\n\n\n<p>Der&nbsp;<strong>Dativ<\/strong>&nbsp;geh\u00f6rt in der&nbsp;<a href=\"https:\/\/de.wikipedia.org\/wiki\/Grammatik\">Grammatik<\/a>&nbsp;zu den&nbsp;<a href=\"https:\/\/de.wikipedia.org\/wiki\/Kasus\">Kasus<\/a>&nbsp;(<a href=\"https:\/\/de.wikipedia.org\/wiki\/Deutsche_Sprache\">deutsch<\/a>&nbsp;F\u00e4llen). Sein Name r\u00fchrt daher, dass eine typische Funktion des Dativs ist, den Empf\u00e4nger des Gegebenen zu bezeichnen. Das Wort&nbsp;<strong>Dativ<\/strong>&nbsp;ist entlehnt aus <a href=\"https:\/\/de.wikipedia.org\/wiki\/Latein\">lateinisch<\/a>&nbsp;(casus) dativus, zu lat.&nbsp;dare&nbsp;\u201egeben\u201c und lat.&nbsp;datum&nbsp;\u201eGegebenes\u201c.<\/p>\n\n\n\n<p><strong>Deklination<\/strong> <em>Beugung eines Substantivs oder Adjektivs<\/em><\/p>\n\n\n\n<p>Die&nbsp;<strong>Deklination<\/strong>(von&nbsp;<a href=\"https:\/\/de.wikipedia.org\/wiki\/Latein\">lateinisch<\/a><em>declinare<\/em><em>&nbsp;\u201a<\/em>beugen\u2018) in der&nbsp;<a href=\"https:\/\/de.wikipedia.org\/wiki\/Grammatik\">Grammatik<\/a>einer&nbsp;<a href=\"https:\/\/de.wikipedia.org\/wiki\/Sprache\">Sprache<\/a>ist eine Unterabteilung der&nbsp;<a href=\"https:\/\/de.wikipedia.org\/wiki\/Flexion\">Flexion<\/a>oder&nbsp;<em>Beugung<\/em>, also der Bildung von&nbsp;<a href=\"https:\/\/de.wikipedia.org\/wiki\/Wortform\">Wortformen<\/a>. Als Deklination bezeichnet man die Flexion der&nbsp;<a href=\"https:\/\/de.wikipedia.org\/wiki\/Nomen\"><em>nominalen Wortarten<\/em><\/a><em>(im weitesten Sinne):&nbsp;<\/em><a href=\"https:\/\/de.wikipedia.org\/wiki\/Substantiv\"><em>Substantiv<\/em><\/a><em>(Hauptwort), &nbsp;<\/em><a href=\"https:\/\/de.wikipedia.org\/wiki\/Adjektiv\"><em>Adjektiv<\/em><\/a><em>(Eigenschaftswort,Beiwort),&nbsp; <\/em><a href=\"https:\/\/de.wikipedia.org\/wiki\/Pronomen\"><em>Pronomen<\/em><\/a><em>(F\u00fcrwort),&nbsp;<\/em><em>Numerale<\/em><em>(<\/em><a href=\"https:\/\/de.wikipedia.org\/wiki\/Zahlwort\"><em>Zahlwort<\/em><\/a><em>) und&nbsp;<\/em><a href=\"https:\/\/de.wikipedia.org\/wiki\/Artikel_(Wortart)\"><em>Artikel<\/em><\/a><em>(Geschlechtswort, Begleiter).<\/em><\/p>\n\n\n\n<p><strong>Demonstrativpronomina<\/strong> <em>Hinweisendes F\u00fcrwort<\/em><\/p>\n\n\n\n<p>Das&nbsp;<strong>Demonstrativpronomen<\/strong>&nbsp;(lateinisch&nbsp;Pronomen demonstrativum) oder auch&nbsp;<strong>hinweisendes F\u00fcrwort<\/strong>&nbsp;ist eine&nbsp;<a href=\"https:\/\/de.wikipedia.org\/wiki\/Wortart\">Wortart<\/a>, mit der Sprecher auf einen Gespr\u00e4chsgegenstand verweisen.<\/p>\n\n\n\n<p><strong>Futur<\/strong> <em>Zeitangabe: Zukunft<\/em><\/p>\n\n\n\n<p>Als&nbsp;<strong>Futur<\/strong>&nbsp;(<a href=\"https:\/\/de.wikipedia.org\/wiki\/Latein\">lateinisch<\/a>&nbsp;tempus futurum&nbsp;\u201adie zuk\u00fcnftige Zeit\u2018) bezeichnet man in der&nbsp;<a href=\"https:\/\/de.wikipedia.org\/wiki\/Grammatik\">Grammatik<\/a>&nbsp;die &nbsp;<a href=\"https:\/\/de.wikipedia.org\/wiki\/Tempus\">Tempusform<\/a>&nbsp; eines&nbsp;<a href=\"https:\/\/de.wikipedia.org\/wiki\/Verb\">Verbs<\/a>, die (vor allem) zur Kennzeichnung von&nbsp;<a href=\"https:\/\/de.wikipedia.org\/wiki\/Zukunft\">Zuk\u00fcnftigem<\/a>&nbsp;verwendet wird.<\/p>\n\n\n\n<p><strong>Genitiv<\/strong> <em>wessen<\/em><\/p>\n\n\n\n<p>Der&nbsp;<strong>Genitiv<\/strong>&nbsp;[<a href=\"https:\/\/de.wikipedia.org\/wiki\/Liste_der_IPA-Zeichen\">\u02c8\u0261e\u02d0niti\u02d0f<\/a>] (auch [\u02c8\u0261\u025bniti\u02d0f]), seltener&nbsp;<strong>Genetiv<\/strong>, veraltet&nbsp;<strong>Genitivus, Genetivus<\/strong>, von&nbsp;<a href=\"https:\/\/de.wikipedia.org\/wiki\/Latein\">lateinisch<\/a>&nbsp;[casus] genitivus\/genetivus&nbsp;\u201adie Abstammung bezeichnend[er Fall]\u2018, auch&nbsp;<strong>Wes-Fall<\/strong>&nbsp;oder&nbsp;<strong>Wessen-Fall<\/strong>, veraltet&nbsp;<strong>Zeugefall<\/strong>, ist ein&nbsp;<a href=\"https:\/\/de.wikipedia.org\/wiki\/Grammatik\">grammatikalischer<\/a>&nbsp;<a href=\"https:\/\/de.wikipedia.org\/wiki\/Kasus\">Kasus<\/a>.<\/p>\n\n\n\n<p><strong>Imperativ<\/strong> <em>Befehlsform<\/em><\/p>\n\n\n\n<p>Der&nbsp;<strong>Imperativ<\/strong>&nbsp;(<a href=\"https:\/\/de.wikipedia.org\/wiki\/Latein\">lateinisch<\/a>&nbsp;[modus] imperativus&nbsp;von&nbsp;imperare&nbsp;\u201abefehlen\u2018; deutsch&nbsp;<strong>Befehlsform<\/strong>) ist ein&nbsp;<a href=\"https:\/\/de.wikipedia.org\/wiki\/Modus_(Grammatik)\">Modus<\/a>&nbsp; des&nbsp;<a href=\"https:\/\/de.wikipedia.org\/wiki\/Verb\">Verbs<\/a>. Er wird in erster Linie f\u00fcr Aufforderungen und Befehle, oder Ratschl\u00e4ge und Einladungen benutzt. Er dient somit nicht zu Aussagen, sondern zum Ausdruck eines besonderen&nbsp;<a href=\"https:\/\/de.wikipedia.org\/wiki\/Sprechakt\">Sprechakts<\/a>.<\/p>\n\n\n\n<p><strong>Imperfekt<\/strong> <em>Zeitangabe: Unvollkommen<\/em><\/p>\n\n\n\n<p>Der Ausdruck&nbsp;<strong>Imperfekt<\/strong>(<a href=\"https:\/\/de.wikipedia.org\/wiki\/Latein\">lateinisch<\/a><em>imperfectus<\/em><em>&nbsp;\u201a<\/em>unvollendet\u2018) bezeichnet in der&nbsp;<a href=\"https:\/\/de.wikipedia.org\/wiki\/Grammatik\">Grammatik<\/a>normalerweise Verbformen, die gleichzeitig Vergangenheit (d.&nbsp;h. ein&nbsp;<a href=\"https:\/\/de.wikipedia.org\/wiki\/Tempus\">Tempus<\/a>) und einen unvollendeten&nbsp;<a href=\"https:\/\/de.wikipedia.org\/wiki\/Aspekt_(Linguistik)\">Aspekt<\/a><\/p>\n\n\n\n<p>(<a href=\"https:\/\/de.wikipedia.org\/wiki\/Imperfektiver_Aspekt\">imperfektiven Aspekt<\/a>) ausdr\u00fccken<\/p>\n\n\n\n<p><strong>Indikativ<\/strong> <em>Verb anzeige<\/em><\/p>\n\n\n\n<p>Der&nbsp;<strong>Indikativ<\/strong>(aus&nbsp;<a href=\"https:\/\/de.wikipedia.org\/wiki\/Latein\">lateinisch<\/a><em>modus indicativus<\/em><em>&nbsp;\u201e<\/em>zur Aussage geeigneter Modus\u201czu lat.&nbsp;<em>indicare<\/em><em>&nbsp;\u201e<\/em>anzeigen, vorbringen\u201c) ist, neben dem&nbsp;<a href=\"https:\/\/de.wikipedia.org\/wiki\/Imperativ_(Modus)\">Imperativ<\/a>und dem&nbsp;<a href=\"https:\/\/de.wikipedia.org\/wiki\/Konjunktiv\">Konjunktiv<\/a>, einer der drei grammatischen&nbsp;<a href=\"https:\/\/de.wikipedia.org\/wiki\/Modus_(Grammatik)\">Modi<\/a>des&nbsp;<a href=\"https:\/\/de.wikipedia.org\/wiki\/Verb\">Verbs<\/a>im&nbsp;<a href=\"https:\/\/de.wikipedia.org\/wiki\/Deutsche_Sprache\">Deutschen<\/a>. Der Indikativ ist die&nbsp;<a href=\"https:\/\/de.wikipedia.org\/wiki\/Markiertheit\">unmarkierte<\/a>, also \u201enormale\u201c Auspr\u00e4gung des Modus, wogegen f\u00fcr das Erscheinen von Konjunktiv und Imperativ spezielle Bedingungen gelten bzw. spezielle Bedeutungen verant- wortlich sind.Als neutrale Modusform ist der Indikativ auch die h\u00e4ufigste.<\/p>\n\n\n\n<p><strong>Konjugation<\/strong> <em>Beugung von Verben<\/em><\/p>\n\n\n\n<p>Als&nbsp;<strong>Konjugation<\/strong>(von&nbsp;<a href=\"https:\/\/de.wikipedia.org\/wiki\/Latein\">lateinisch<\/a><em>coniugatio<\/em><em>&nbsp;\u201a<\/em>Verbindung\u2018) bezeichnet man in der&nbsp;<a href=\"https:\/\/de.wikipedia.org\/wiki\/Grammatik\">Grammatik<\/a>die Bildung der&nbsp;<a href=\"https:\/\/de.wikipedia.org\/wiki\/Wortform\">Wortformen<\/a>eines&nbsp;<a href=\"https:\/\/de.wikipedia.org\/wiki\/Verb\">Verbs<\/a>(Zeitworts), also die&nbsp;<strong>Flexion der Verben<\/strong>. Die Konjugation ist insofern ein Bestandteil der&nbsp;<a href=\"https:\/\/de.wikipedia.org\/wiki\/Morphologie_(Linguistik)\">Morphologie<\/a>von Verben. Der Begriff wird allerdings auch auf&nbsp;<a href=\"https:\/\/de.wikipedia.org\/wiki\/Hilfsverb\">Hilfsverbkonstruktionen<\/a>ausgedehnt, die vergleichbare Merkmale ausdr\u00fccken, wie sonst Wortformen es tun (\u201eperiphrastische Konjugation\u201c; zum Beispiel das Perfekt \u201ehat gesagt\u201c neben der einfachen Konjugationsform f\u00fcr die Vergangenheit \u201esagte\u201c).<\/p>\n\n\n\n<p><strong>Konjunktiv<\/strong> <em>M\u00f6glichkeitsform<\/em><\/p>\n\n\n\n<p>Der&nbsp;<strong>Konjunktiv<\/strong>&nbsp;(aus&nbsp;<a href=\"https:\/\/de.wikipedia.org\/wiki\/Latein\">sp\u00e4tlateinisch<\/a>&nbsp;<em>modus coni\u016bnct\u012bvus<\/em>, eigentlich \u201eeine der Satzverbindung dienende Aussageweise\u201c zu lat.&nbsp;<em>coniungere<\/em>&nbsp;\u201averbinden\u2018) ist im&nbsp;<a href=\"https:\/\/de.wikipedia.org\/wiki\/Deutsche_Sprache\">Deutschen<\/a>&nbsp;neben dem&nbsp;<a href=\"https:\/\/de.wikipedia.org\/wiki\/Indikativ\">Indikativ<\/a>&nbsp;und dem&nbsp;<a href=\"https:\/\/de.wikipedia.org\/wiki\/Imperativ_(Modus)\">Imperativ<\/a>&nbsp;einer der drei&nbsp;<a href=\"https:\/\/de.wikipedia.org\/wiki\/Modus_(Grammatik)\">Modi<\/a>&nbsp;eines&nbsp;<a href=\"https:\/\/de.wikipedia.org\/wiki\/Verb\">Verbs<\/a>. Da Aussagen im Konjunktiv h\u00e4ufig in den Bereich des M\u00f6glichen fallen, wird er auch als&nbsp;<strong>M\u00f6glichkeitsform<\/strong>&nbsp;bezeichnet. Der Konjunktiv zeigt jedoch nicht an, dass etwas m\u00f6glich ist.<\/p>\n\n\n\n<p><strong>Konsonant<\/strong> <em>Mit lautender Buchstabe (K,P,T,S,N)<\/em><\/p>\n\n\n\n<p>Unter einem&nbsp;<strong>Konsonanten<\/strong>(von&nbsp;<a href=\"https:\/\/de.wikipedia.org\/wiki\/Latein\">lateinisch<\/a><em>[litera\/littera] consonans<\/em><em>&nbsp;\u201a<\/em>mitlautender [Buchstabe]\u2018, zu&nbsp;<em>con<\/em><em>&nbsp;\u201a<\/em>mit\u2018und&nbsp; <em>sonare<\/em><em>&nbsp;\u201a<\/em>t\u00f6nen\u2018; auch&nbsp;<strong>Mitlaut<\/strong>,&nbsp;<strong>Mitlauter<\/strong>oder&nbsp;<strong>Mitstimmer<\/strong>) versteht man einen&nbsp;<a href=\"https:\/\/de.wikipedia.org\/wiki\/Phon_(Phonetik)\">Sprachlaut<\/a>, dessen&nbsp;<a href=\"https:\/\/de.wikipedia.org\/wiki\/Artikulation_(Linguistik)\">Artikulation<\/a>eine Verengung des Stimmtraktes beinhaltet, sodass der Atemluftstrom ganz oder teilweise blockiert wird und es zu h\u00f6rbaren&nbsp;<a href=\"https:\/\/de.wikipedia.org\/wiki\/Turbulente_Str\u00f6mung\">Turbulenzen<\/a>(Luftwirbelungen) kommt.<\/p>\n\n\n\n<p><strong>Pronomen<\/strong> <em>F\u00fcrwort<\/em><\/p>\n\n\n\n<p><strong>Pronomen<\/strong>(<a href=\"https:\/\/de.wikipedia.org\/wiki\/Plural\">Plural<\/a><em>Pronomina<\/em>oder&nbsp;<em>Pronomen;<\/em>deutsch&nbsp;<strong>F\u00fcrwort<\/strong>) ist in der&nbsp;<a href=\"https:\/\/de.wikipedia.org\/wiki\/Grammatik\">Grammatik<\/a>die Bezeichnung f\u00fcr eine Klasse von W\u00f6rtern, die \u2013 so der buchst\u00e4bliche Sinn der Bezeichnung \u2013 \u201ean die Stelle eines&nbsp;<a href=\"https:\/\/de.wikipedia.org\/wiki\/Nomen\">Nomens<\/a>(Namenwort)\u201c treten. Beispiele sind&nbsp;<em>er<\/em>(ein&nbsp;<a href=\"https:\/\/de.wikipedia.org\/wiki\/Personalpronomen\">Personalpronomen<\/a>),&nbsp;<em>mein<\/em>(ein&nbsp;<a href=\"https:\/\/de.wikipedia.org\/wiki\/Possessivpronomen\">Possessivpronomen<\/a>) oder&nbsp;<em>welcher<\/em>(ein&nbsp;<a href=\"https:\/\/de.wikipedia.org\/wiki\/Fragepronomen\">Frage-<\/a>bzw.&nbsp; <a href=\"https:\/\/de.wikipedia.org\/wiki\/Relativpronomen\">Relativpronomen<\/a>).<\/p>\n\n\n\n<p><strong>Nominal<\/strong> <em>Grammatische Einheit aus einem Nomen und seinen Attributen<\/em><\/p>\n\n\n\n<p><strong>Nominativ<\/strong> <em>wer<\/em><\/p>\n\n\n\n<p><strong>Nominativ<\/strong>(von&nbsp;<a href=\"https:\/\/de.wikipedia.org\/wiki\/Latein\">lateinisch<\/a><em>nominare<\/em><em>&nbsp;\u201a<\/em>benennen\u2018) ist in der&nbsp;<a href=\"https:\/\/de.wikipedia.org\/wiki\/Grammatik\">Grammatik<\/a>die Bezeichnung f\u00fcr einen&nbsp;<a href=\"https:\/\/de.wikipedia.org\/wiki\/Kasus\">Kasus<\/a>(Fall), der vor allem zur Kennzeichnung des&nbsp;<a href=\"https:\/\/de.wikipedia.org\/wiki\/Subjekt_(Grammatik)\">Subjekts<\/a>im Satz dient, f\u00fcr den es aber auch typisch ist, dass er in freier Verwendung eines Substantivs auftreten kann (d.&nbsp;h.&nbsp;<a href=\"https:\/\/de.wikipedia.org\/wiki\/Rektion\">unregiert<\/a>), zum Beispiel im Deutschen in der Anrede. Der Nominativ wird dann auch als&nbsp;<a href=\"https:\/\/de.wikipedia.org\/wiki\/Zitierform\">Zitierform<\/a>oder \u201eGrundform\u201c eines Substantivs gebraucht.<\/p>\n\n\n\n<p><strong>Partizip<\/strong> <em>Mittelwort<\/em><\/p>\n\n\n\n<p>Ein&nbsp;<strong>Partizip<\/strong>&nbsp;(<a href=\"https:\/\/de.wikipedia.org\/wiki\/Latein\">lateinisch<\/a>&nbsp;participium, von&nbsp;particeps&nbsp;\u201eteilhabend\u201c; Plural:&nbsp;Partizipien) ist eine grammatische Form (<strong>Partizipialform<\/strong>), die von einem Verb abgeleitet wird und dabei teilweise Eigenschaften eines&nbsp;<a href=\"https:\/\/de.wikipedia.org\/wiki\/Adjektiv\">Adjektivs<\/a>&nbsp;erwirbt, teilweise aber auch Eigenschaften eines Verbs beibeh\u00e4lt. Die Bezeichnung \u201ePartizip\u201c und ebenso die deutsche Bezeichnung&nbsp;<strong>Mittelwort<\/strong>&nbsp;bringen diese Eigenart zum Ausdruck, an zwei Kategorien zugleich teilzuhaben, n\u00e4mlich Verb und Adjektiv. In \u00e4hnlicher Art gibt es auch Zwischen stufen zwischen Verb und Substantiv, die als&nbsp;<a href=\"https:\/\/de.wikipedia.org\/wiki\/Gerundium\">Gerundien<\/a>&nbsp; bezeichnet werden.<\/p>\n\n\n\n<p><strong>Perfekt<\/strong> <em>Zeitangabe: Vollkommen<\/em><\/p>\n\n\n\n<p>Der Ausdruck&nbsp;<strong>Perfekt<\/strong>&nbsp;(<a href=\"https:\/\/de.wikipedia.org\/wiki\/Latein\">lateinisch<\/a>&nbsp;[tempus praeteritum] perfectum&nbsp;\u201av\u00f6llig vergangene Zeit\u2018) ist ein grammatischer Terminus, der einen&nbsp;<a href=\"https:\/\/de.wikipedia.org\/wiki\/Verbalaspekt\">Aspekt<\/a>&nbsp;oder ein&nbsp;<a href=\"https:\/\/de.wikipedia.org\/wiki\/Tempus\">Tempus<\/a>&nbsp;eines&nbsp;<a href=\"https:\/\/de.wikipedia.org\/wiki\/Verb\">Verbs<\/a>&nbsp;bezeichnen kann.<\/p>\n\n\n\n<p><strong>Personalpronomen<\/strong> <em>Pers\u00f6nliches F\u00fcrwort (ich,du,er\/sie\/es)Pr\u00e4position<\/em><\/p>\n\n\n\n<p>Ein&nbsp;<strong>Personalpronomen<\/strong>&nbsp;(Mehrzahl:&nbsp;-pronomen&nbsp;oder&nbsp;-pronomina,&nbsp;aus&nbsp;<a href=\"https:\/\/de.wikipedia.org\/wiki\/Latein\">lateinisch<\/a>&nbsp;pronomen personale; deutsch auch&nbsp;<strong>pers\u00f6nliches F\u00fcrwort<\/strong>) ist in der &nbsp;<a href=\"https:\/\/de.wikipedia.org\/wiki\/Grammatik\">Grammatik<\/a>&nbsp; ein&nbsp;<a href=\"https:\/\/de.wikipedia.org\/wiki\/Pronomen\">Pronomen<\/a>, das Beteiligte der&nbsp;<a href=\"https:\/\/de.wikipedia.org\/wiki\/Deixis\">Sprechsituation<\/a>&nbsp;bezeichnet oder sich&nbsp;<a href=\"https:\/\/de.wikipedia.org\/wiki\/Anaphora\">anaphorisch<\/a>&nbsp;auf Dritte bezieht.<\/p>\n\n\n\n<p><strong>Plural<\/strong> <em>Mehrzahl<\/em><\/p>\n\n\n\n<p>Der&nbsp;<strong>Plural<\/strong>(<a href=\"https:\/\/de.wikipedia.org\/wiki\/Latein\">lateinisch<\/a><em>[numerus] pluralis<\/em><em>&nbsp;\u201a<\/em>Mehrzahl\u2018, abgeleitet von&nbsp;<em>plures<\/em><em>&nbsp;\u201a<\/em>mehrere\u2018;&nbsp;<a href=\"https:\/\/de.wikipedia.org\/wiki\/Abk\u00fcrzung\">Abk\u00fcrzung<\/a>:&nbsp;<em>Plur., Pl.<\/em>) ist der&nbsp;<a href=\"https:\/\/de.wikipedia.org\/wiki\/Grammatik\">grammatische<\/a>Fachausdruck f\u00fcr&nbsp;<strong>Mehrzahl<\/strong>(Abk\u00fcrzung:&nbsp;<em>Mz.<\/em>).<\/p>\n\n\n\n<p><strong>Plusquamperfekt<\/strong> <em>Zeitangabe: Mehr als Vollendet, Vollendete Vergangenheit<\/em><\/p>\n\n\n\n<p>Das&nbsp;<strong>Plusquamperfekt<\/strong>(aus&nbsp;<a href=\"https:\/\/de.wikipedia.org\/wiki\/Latein\">lateinisch<\/a><em>plus quam perfectum (tempus)<\/em><em>&nbsp;\u201a<\/em>mehr als vollendet(e Zeit)\u2018Abk\u00fcrzung:&nbsp;<em>PQP<\/em>), auch&nbsp;<strong>vollendete Vergangenheit, Vorvergangenheit<\/strong>, <strong>dritte&nbsp;Vergangenheit<\/strong>oder&nbsp; <strong>Pr\u00e4teritumperfekt<\/strong>genannt, ist in der&nbsp;<a href=\"https:\/\/de.wikipedia.org\/wiki\/Grammatik\">Grammatik<\/a>eine&nbsp;<a href=\"https:\/\/de.wikipedia.org\/wiki\/Tempus\">Tempus<\/a>-Form des Verbs, die einen zeitlich&nbsp;<em>vor&nbsp;<\/em>einem Referenzpunkt in der Vergangenheit liegenden Vorgang oder Zustand bezeichnet.<\/p>\n\n\n\n<p><strong>Pr\u00e4positionen<\/strong> <em>Verh\u00e4ltnisw\u00f6rter<\/em><\/p>\n\n\n\n<p><strong>Pr\u00e4positionen<\/strong>&nbsp;(von&nbsp;<a href=\"https:\/\/de.wikipedia.org\/wiki\/Latein\">lateinisch<\/a>&nbsp;praepositio&nbsp;\u201aVoranstellung\u2018), in der Schulgrammatik auch&nbsp;<strong>Verh\u00e4ltnisw\u00f6rter<\/strong>&nbsp; oder&nbsp;<strong>Vorw\u00f6rter<\/strong>&nbsp;und in der germanistischen Literatur seltener auch&nbsp;<strong>Fallf\u00fcgteile<\/strong>&nbsp;oder&nbsp;<strong>Lagew\u00f6rter<\/strong>&nbsp;genannt, sind eine&nbsp;<a href=\"https:\/\/de.wikipedia.org\/wiki\/Wortart\">Wortart<\/a>, die einen \u00dcbergangsbereich zwischen Inhaltswort und grammatischer Markierung bildet.<\/p>\n\n\n\n<p><strong>Pronomina<\/strong> <em>F\u00fcrwort<\/em><\/p>\n\n\n\n<p><strong>Pronomen<\/strong>(<a href=\"https:\/\/de.wikipedia.org\/wiki\/Plural\">Plural<\/a><em>Pronomina<\/em>oder&nbsp;<em>Pronomen;<\/em>deutsch&nbsp;<strong>F\u00fcrwort<\/strong>) ist in der&nbsp;<a href=\"https:\/\/de.wikipedia.org\/wiki\/Grammatik\">Grammatik<\/a>die Bezeichnung f\u00fcr eine Klasse von W\u00f6rtern, die \u2013 so der buchst\u00e4bliche Sinn der Bezeichnung \u2013 \u201ean die Stelle eines&nbsp;<a href=\"https:\/\/de.wikipedia.org\/wiki\/Nomen\">Nomens<\/a>(Namenwort)\u201c treten. Beispiele sind&nbsp;<em>er<\/em>(ein&nbsp;<a href=\"https:\/\/de.wikipedia.org\/wiki\/Personalpronomen\">Personalpronomen<\/a>),&nbsp;<em>mein<\/em>(ein&nbsp;<a href=\"https:\/\/de.wikipedia.org\/wiki\/Possessivpronomen\">Possessivpronomen<\/a>) oder&nbsp;<em>welcher<\/em>(ein&nbsp;<a href=\"https:\/\/de.wikipedia.org\/wiki\/Fragepronomen\">Frage-<\/a>bzw.&nbsp;<a href=\"https:\/\/de.wikipedia.org\/wiki\/Relativpronomen\">Relativpronomen<\/a>).<\/p>\n\n\n\n<p><strong>Reflexivpronomen<\/strong> <em>R\u00fcckbez\u00fcgliches F\u00fcrwort<\/em><\/p>\n\n\n\n<p>Das&nbsp;<strong>Reflexivpronomen<\/strong>(auch:&nbsp;<strong>Reflexiv[um]; r\u00fcckbez\u00fcgliches F\u00fcrwort<\/strong>) ist ein&nbsp;<a href=\"https:\/\/de.wikipedia.org\/wiki\/Pronomen\">Pronomen<\/a>, das sich vom&nbsp; <a href=\"https:\/\/de.wikipedia.org\/wiki\/Personalpronomen\">Personalpronomen<\/a>dadurch unterscheidet, dass es auf Einheiten verweist, die besonders nahe stehen, in der Regel in demselben (Teil-)Satz.<\/p>\n\n\n\n<p><strong>Relativpronomen<\/strong> <em>Bez\u00fcgliches F\u00fcrwort<\/em><\/p>\n\n\n\n<p>Das&nbsp;<strong>Relativpronomen<\/strong>(auch:&nbsp;<strong>Relativ[um], bez\u00fcgliches F\u00fcrwort<\/strong>) ist ein&nbsp;<a href=\"https:\/\/de.wikipedia.org\/wiki\/Wort\">Wort<\/a>, das einen&nbsp;<a href=\"https:\/\/de.wikipedia.org\/wiki\/Relativsatz\">Relativsatz<\/a>einleitet und damit diesen Satztyp markiert. Gleichzeitig \u00fcbernimmt es, als Pronomen, die Funktion einer Substantivgruppe, dient also als Subjekt oder Objekt im Relativsatz. Unter den Einleitungselementen von Relativs\u00e4tzen sind Relativpronomen von&nbsp;<a href=\"https:\/\/de.wikipedia.org\/wiki\/Relativadverb\">Relativadverbien<\/a>zu unterscheiden, da nur Pronomen f\u00fcr die substantivtypischen Merkmale&nbsp;<a href=\"https:\/\/de.wikipedia.org\/wiki\/Kasus\">Kasus<\/a>,&nbsp;<a href=\"https:\/\/de.wikipedia.org\/wiki\/Numerus\">Numerus<\/a>,&nbsp;<a href=\"https:\/\/de.wikipedia.org\/wiki\/Genus\">Genus<\/a>flektiert werden.<\/p>\n\n\n\n<p><strong>Singular<\/strong> <em>Einzahl<\/em><\/p>\n\n\n\n<p>Der&nbsp;<strong>Singular<\/strong>(von&nbsp;<a href=\"https:\/\/de.wikipedia.org\/wiki\/Latein\">lateinisch<\/a><em>[numerus] singularis<\/em><em>&nbsp;\u201e<\/em>Einzahl\u201c, abgeleitet von&nbsp;<em>singulus<\/em><em>&nbsp;\u201e<\/em>einzeln\u201c), kurz&nbsp;<strong>Sing.<\/strong>oder&nbsp;<strong>Sg.<\/strong>, ist die&nbsp;<a href=\"https:\/\/de.wikipedia.org\/wiki\/Sprachwissenschaft\">sprachwissenschaftliche<\/a>Bezeichnung f\u00fcr die&nbsp;<strong>Einzahl<\/strong>, dem grundlegenden grammatischen&nbsp; <a href=\"https:\/\/de.wikipedia.org\/wiki\/Numerus\">Numerus<\/a><\/p>\n\n\n\n<p><strong>Substantiv<\/strong> <em>Haupt-, T\u00e4tigkeitswort<\/em><\/p>\n\n\n\n<p>Das&nbsp;<strong>Substantiv<\/strong>, deutsch auch&nbsp;<strong>Hauptwort<\/strong>,&nbsp;<strong>Nennwort<\/strong>,&nbsp;<strong>Namenwort<\/strong>,&nbsp;<strong>Dingwort<\/strong>&nbsp;oder&nbsp;<em><strong>Gegenstandwort<\/strong><\/em><em>, ist eine&nbsp; <\/em><a href=\"https:\/\/de.wikipedia.org\/wiki\/Wortart\"><em>Wortart<\/em><\/a><em>. Das Substantiv wird oft auch als&nbsp;<\/em><a href=\"https:\/\/de.wikipedia.org\/wiki\/Nomen\"><em><strong>Nomen<\/strong><\/em><\/a><em>bezeichnet; in der lateinischen Grammatiktradition jedoch hat&nbsp;<\/em><em>Nomen<\/em><em>eine weitere Bedeutung als Oberbegriff f\u00fcr Substantive,&nbsp;<\/em><a href=\"https:\/\/de.wikipedia.org\/wiki\/Adjektiv\"><em>Adjektive<\/em><\/a><em>u.&nbsp;a.<\/em><\/p>\n\n\n\n<p><strong>Verben<\/strong> <em>untergeordnetes Bindewort<\/em><\/p>\n\n\n\n<p>Das&nbsp;<strong>Verb<\/strong>(oder&nbsp;<strong>Verbum<\/strong>, Plural dann:&nbsp;<em>Verba;<\/em>Herleitung von&nbsp;<a href=\"https:\/\/de.wikipedia.org\/wiki\/Latein\">lateinisch<\/a><em>verbum temporale<\/em><em>&nbsp;\u201a<\/em>zeitliches Wort\u2018oder einfach von&nbsp;<em>verbum<\/em><em>&nbsp;\u201a<\/em>Wort\u2018),deutsch auch&nbsp;<strong>Zeitwort<\/strong>oder&nbsp;<strong>T\u00e4tigkeitswort<\/strong>, ist in der&nbsp;<a href=\"https:\/\/de.wikipedia.org\/wiki\/Grammatik\">Grammatik<\/a>eine&nbsp;<a href=\"https:\/\/de.wikipedia.org\/wiki\/Wortart\">Wortart<\/a>.<\/p>\n\n\n\n<p><strong>Vokativ<\/strong> <em>Anredeform<\/em><\/p>\n\n\n\n<p>Unter&nbsp;<strong>Vokativ<\/strong>(auch&nbsp;<em>Anredefall<\/em>oder&nbsp;<em>Anredeform<\/em>) versteht man gemeinhin eine spezielle Form eines&nbsp;<a href=\"https:\/\/de.wikipedia.org\/wiki\/Nomen\">Nomens<\/a>, zumeist eines&nbsp;<a href=\"https:\/\/de.wikipedia.org\/wiki\/Substantiv\">Substantivs<\/a>, die gebraucht wird, um den&nbsp;<a href=\"https:\/\/de.wikipedia.org\/wiki\/Adressat_(Linguistik)\">Adressaten<\/a>einer sprachlichen \u00c4u\u00dferung direkt anzureden oder anzurufe<\/p>\n","protected":false},"excerpt":{"rendered":"<p>A-Konjugation (Beugung von Verben) laud \u2013 a \u2013 re (loben) singular plural e \u2013 Konjugation mon \u2013 e \u2013 re (mahnen) singular plural i \u2013 Konjugation aud \u2013 i &#8211; re (h\u00f6ren) singular plural Konsonantische Konjugation (Mitlaute) reg \u2013 e \u2013 re (lenken\/leiten) singular plural Imperativ (Befehle) lauda! (lobt!) mone!&#8230; <a class=\"continue-reading-link\" href=\"https:\/\/www.alexpiehl.de\/wordpress\/2024\/05\/14\/latein-deklination\/\">Continue reading<\/a><\/p>\n","protected":false},"author":1,"featured_media":0,"comment_status":"open","ping_status":"open","sticky":false,"template":"","format":"gallery","meta":{"footnotes":""},"categories":[22,21],"tags":[],"class_list":["post-170","post","type-post","status-publish","format-gallery","hentry","category-latein","category-schule","post_format-post-format-gallery"],"_links":{"self":[{"href":"https:\/\/www.alexpiehl.de\/wordpress\/wp-json\/wp\/v2\/posts\/170","targetHints":{"allow":["GET"]}}],"collection":[{"href":"https:\/\/www.alexpiehl.de\/wordpress\/wp-json\/wp\/v2\/posts"}],"about":[{"href":"https:\/\/www.alexpiehl.de\/wordpress\/wp-json\/wp\/v2\/types\/post"}],"author":[{"embeddable":true,"href":"https:\/\/www.alexpiehl.de\/wordpress\/wp-json\/wp\/v2\/users\/1"}],"replies":[{"embeddable":true,"href":"https:\/\/www.alexpiehl.de\/wordpress\/wp-json\/wp\/v2\/comments?post=170"}],"version-history":[{"count":1,"href":"https:\/\/www.alexpiehl.de\/wordpress\/wp-json\/wp\/v2\/posts\/170\/revisions"}],"predecessor-version":[{"id":171,"href":"https:\/\/www.alexpiehl.de\/wordpress\/wp-json\/wp\/v2\/posts\/170\/revisions\/171"}],"wp:attachment":[{"href":"https:\/\/www.alexpiehl.de\/wordpress\/wp-json\/wp\/v2\/media?parent=170"}],"wp:term":[{"taxonomy":"category","embeddable":true,"href":"https:\/\/www.alexpiehl.de\/wordpress\/wp-json\/wp\/v2\/categories?post=170"},{"taxonomy":"post_tag","embeddable":true,"href":"https:\/\/www.alexpiehl.de\/wordpress\/wp-json\/wp\/v2\/tags?post=170"}],"curies":[{"name":"wp","href":"https:\/\/api.w.org\/{rel}","templated":true}]}}