{"id":978,"date":"2025-11-29T21:26:13","date_gmt":"2025-11-29T20:26:13","guid":{"rendered":"https:\/\/www.alexpiehl.de\/wordpress\/?p=978"},"modified":"2025-12-19T10:24:25","modified_gmt":"2025-12-19T09:24:25","slug":"juli-und-giessen-gegen-rechts","status":"publish","type":"post","link":"https:\/\/www.alexpiehl.de\/wordpress\/2025\/11\/29\/juli-und-giessen-gegen-rechts\/","title":{"rendered":"Juli und Gie\u00dfen gegen Rechts"},"content":{"rendered":"\n\n\n<figure class=\"wp-block-image size-large\"><img loading=\"lazy\" decoding=\"async\" width=\"1024\" height=\"683\" src=\"https:\/\/www.alexpiehl.de\/wordpress\/wp-content\/uploads\/2025\/11\/IMG_3853-1024x683.jpg\" alt=\"\" class=\"wp-image-979\" srcset=\"https:\/\/www.alexpiehl.de\/wordpress\/wp-content\/uploads\/2025\/11\/IMG_3853-1024x683.jpg 1024w, https:\/\/www.alexpiehl.de\/wordpress\/wp-content\/uploads\/2025\/11\/IMG_3853-300x200.jpg 300w, https:\/\/www.alexpiehl.de\/wordpress\/wp-content\/uploads\/2025\/11\/IMG_3853-768x512.jpg 768w, https:\/\/www.alexpiehl.de\/wordpress\/wp-content\/uploads\/2025\/11\/IMG_3853-1536x1024.jpg 1536w, https:\/\/www.alexpiehl.de\/wordpress\/wp-content\/uploads\/2025\/11\/IMG_3853-2048x1365.jpg 2048w, https:\/\/www.alexpiehl.de\/wordpress\/wp-content\/uploads\/2025\/11\/IMG_3853-525x350.jpg 525w, https:\/\/www.alexpiehl.de\/wordpress\/wp-content\/uploads\/2025\/11\/IMG_3853-150x100.jpg 150w\" sizes=\"auto, (max-width: 1024px) 100vw, 1024px\" \/><\/figure>\n\n\n\n<p>Das Lied von der perfekten Welle und Dieses Leben von Juli in Gie\u00dfen auf der DGB B\u00fchne.<br>Manchmal kommen mir fast die Tr\u00e4nen.<img loading=\"lazy\" decoding=\"async\" height=\"16\" width=\"16\" src=\"https:\/\/static.xx.fbcdn.net\/images\/emoji.php\/v9\/tec\/1\/16\/1f972.png\" alt=\"\ud83e\udd72\"><\/p>\n","protected":false},"excerpt":{"rendered":"<p>Das Lied von der perfekten Welle und Dieses Leben von Juli in Gie\u00dfen auf der DGB B\u00fchne.Manchmal kommen mir fast die Tr\u00e4nen. <a class=\"continue-reading-link\" href=\"https:\/\/www.alexpiehl.de\/wordpress\/2025\/11\/29\/juli-und-giessen-gegen-rechts\/\">Continue reading<\/a><\/p>\n","protected":false},"author":1,"featured_media":0,"comment_status":"open","ping_status":"open","sticky":false,"template":"","format":"standard","meta":{"footnotes":""},"categories":[9],"tags":[],"class_list":["post-978","post","type-post","status-publish","format-standard","hentry","category-musik"],"_links":{"self":[{"href":"https:\/\/www.alexpiehl.de\/wordpress\/wp-json\/wp\/v2\/posts\/978","targetHints":{"allow":["GET"]}}],"collection":[{"href":"https:\/\/www.alexpiehl.de\/wordpress\/wp-json\/wp\/v2\/posts"}],"about":[{"href":"https:\/\/www.alexpiehl.de\/wordpress\/wp-json\/wp\/v2\/types\/post"}],"author":[{"embeddable":true,"href":"https:\/\/www.alexpiehl.de\/wordpress\/wp-json\/wp\/v2\/users\/1"}],"replies":[{"embeddable":true,"href":"https:\/\/www.alexpiehl.de\/wordpress\/wp-json\/wp\/v2\/comments?post=978"}],"version-history":[{"count":1,"href":"https:\/\/www.alexpiehl.de\/wordpress\/wp-json\/wp\/v2\/posts\/978\/revisions"}],"predecessor-version":[{"id":980,"href":"https:\/\/www.alexpiehl.de\/wordpress\/wp-json\/wp\/v2\/posts\/978\/revisions\/980"}],"wp:attachment":[{"href":"https:\/\/www.alexpiehl.de\/wordpress\/wp-json\/wp\/v2\/media?parent=978"}],"wp:term":[{"taxonomy":"category","embeddable":true,"href":"https:\/\/www.alexpiehl.de\/wordpress\/wp-json\/wp\/v2\/categories?post=978"},{"taxonomy":"post_tag","embeddable":true,"href":"https:\/\/www.alexpiehl.de\/wordpress\/wp-json\/wp\/v2\/tags?post=978"}],"curies":[{"name":"wp","href":"https:\/\/api.w.org\/{rel}","templated":true}]}}